{"@context":"https:\/\/schema.org\/","@type":"CollectionPage","@id":"https:\/\/www.szpd.cz\/politika\/#CollectionPage","headline":"Politika Category","description":"","url":"https:\/\/www.szpd.cz\/politika\/","hasPart":[{"@type":"Article","@id":"https:\/\/www.szpd.cz\/lide-a-reakce-na-vysledky-voleb\/","headline":"Lid\u00e9 a reakce na v\u00fdsledky voleb","url":"https:\/\/www.szpd.cz\/lide-a-reakce-na-vysledky-voleb\/","datePublished":"2024-08-29","dateModified":"2024-08-29","mainEntityOfPage":"https:\/\/www.szpd.cz\/lide-a-reakce-na-vysledky-voleb\/","author":{"@type":"Person","@id":"https:\/\/www.szpd.cz\/author\/#Person","name":"","url":"https:\/\/www.szpd.cz\/author\/","identifier":1,"image":{"@type":"ImageObject","@id":"https:\/\/secure.gravatar.com\/avatar\/8e6cbe5510d042e6a0b15162e198f2fd22eed76a4b5a1734d2174c652daccabc?s=96&d=mm&r=g","url":"https:\/\/secure.gravatar.com\/avatar\/8e6cbe5510d042e6a0b15162e198f2fd22eed76a4b5a1734d2174c652daccabc?s=96&d=mm&r=g","height":96,"width":96}},"publisher":{"@type":"Organization","name":"szpd.cz","logo":{"@type":"ImageObject","@id":"\/logo.png","url":"\/logo.png","width":600,"height":60}},"image":{"@type":"ImageObject","@id":"https:\/\/www.szpd.cz\/wp-content\/uploads\/elections-4247398_640.jpg","url":"https:\/\/www.szpd.cz\/wp-content\/uploads\/elections-4247398_640.jpg","height":0,"width":0},"keywords":null},{"@type":"Article","@id":"https:\/\/www.szpd.cz\/slovnik-vojtecha-filipa-pripomina-nechvalne-zname-doby-normalizacniho-rudeho-prava\/","headline":"Slovn\u00edk Vojt\u011bcha Filipa p\u0159ipom\u00edn\u00e1 nechvaln\u011b zn\u00e1m\u00e9 doby normaliza\u010dn\u00edho Rud\u00e9ho pr\u00e1va","url":"https:\/\/www.szpd.cz\/slovnik-vojtecha-filipa-pripomina-nechvalne-zname-doby-normalizacniho-rudeho-prava\/","datePublished":"2019-12-18","dateModified":"2023-05-26","mainEntityOfPage":"https:\/\/www.szpd.cz\/slovnik-vojtecha-filipa-pripomina-nechvalne-zname-doby-normalizacniho-rudeho-prava\/","author":{"@type":"Person","@id":"https:\/\/www.szpd.cz\/author\/#Person","name":"","url":"https:\/\/www.szpd.cz\/author\/","identifier":1,"image":{"@type":"ImageObject","@id":"https:\/\/secure.gravatar.com\/avatar\/8e6cbe5510d042e6a0b15162e198f2fd22eed76a4b5a1734d2174c652daccabc?s=96&d=mm&r=g","url":"https:\/\/secure.gravatar.com\/avatar\/8e6cbe5510d042e6a0b15162e198f2fd22eed76a4b5a1734d2174c652daccabc?s=96&d=mm&r=g","height":96,"width":96}},"publisher":{"@type":"Organization","name":"szpd.cz","logo":{"@type":"ImageObject","@id":"\/logo.png","url":"\/logo.png","width":600,"height":60}},"image":{"@type":"ImageObject","@id":"https:\/\/www.szpd.cz\/wp-content\/uploads\/img_a365911_w4233_t1578561683.jpg","url":"https:\/\/www.szpd.cz\/wp-content\/uploads\/img_a365911_w4233_t1578561683.jpg","height":0,"width":0},"keywords":null},{"@type":"Article","@id":"https:\/\/www.szpd.cz\/ma-dati-dal\/","headline":"M\u00e1 d\u00e1ti \u2013 dal","url":"https:\/\/www.szpd.cz\/ma-dati-dal\/","datePublished":"2019-09-24","dateModified":"2023-05-26","mainEntityOfPage":"https:\/\/www.szpd.cz\/ma-dati-dal\/","author":{"@type":"Person","@id":"https:\/\/www.szpd.cz\/author\/#Person","name":"","url":"https:\/\/www.szpd.cz\/author\/","identifier":1,"image":{"@type":"ImageObject","@id":"https:\/\/secure.gravatar.com\/avatar\/8e6cbe5510d042e6a0b15162e198f2fd22eed76a4b5a1734d2174c652daccabc?s=96&d=mm&r=g","url":"https:\/\/secure.gravatar.com\/avatar\/8e6cbe5510d042e6a0b15162e198f2fd22eed76a4b5a1734d2174c652daccabc?s=96&d=mm&r=g","height":96,"width":96}},"publisher":{"@type":"Organization","name":"szpd.cz","logo":{"@type":"ImageObject","@id":"\/logo.png","url":"\/logo.png","width":600,"height":60}},"image":{"@type":"ImageObject","@id":"https:\/\/www.szpd.cz\/wp-content\/uploads\/img_a355446_w3746_t1569698890.png","url":"https:\/\/www.szpd.cz\/wp-content\/uploads\/img_a355446_w3746_t1569698890.png","height":0,"width":0},"keywords":null},{"@type":"Article","@id":"https:\/\/www.szpd.cz\/horici-amazonie\/","headline":"Ho\u0159\u00edc\u00ed Amazonie","url":"https:\/\/www.szpd.cz\/horici-amazonie\/","datePublished":"2019-08-27","dateModified":"2023-05-26","mainEntityOfPage":"https:\/\/www.szpd.cz\/horici-amazonie\/","author":{"@type":"Person","@id":"https:\/\/www.szpd.cz\/author\/#Person","name":"","url":"https:\/\/www.szpd.cz\/author\/","identifier":1,"image":{"@type":"ImageObject","@id":"https:\/\/secure.gravatar.com\/avatar\/8e6cbe5510d042e6a0b15162e198f2fd22eed76a4b5a1734d2174c652daccabc?s=96&d=mm&r=g","url":"https:\/\/secure.gravatar.com\/avatar\/8e6cbe5510d042e6a0b15162e198f2fd22eed76a4b5a1734d2174c652daccabc?s=96&d=mm&r=g","height":96,"width":96}},"publisher":{"@type":"Organization","name":"szpd.cz","logo":{"@type":"ImageObject","@id":"\/logo.png","url":"\/logo.png","width":600,"height":60}},"image":{"@type":"ImageObject","@id":"https:\/\/www.szpd.cz\/wp-content\/uploads\/img_a352862_w3746_t1567253344.jpg","url":"https:\/\/www.szpd.cz\/wp-content\/uploads\/img_a352862_w3746_t1567253344.jpg","height":0,"width":0},"keywords":null}]}