[{"@context":"https:\/\/schema.org\/","@type":"Blog","@id":"https:\/\/www.szpd.cz#Blog","headline":"Szpd","description":"\nV\u0161echno, co \u010dlov\u011bku pom\u016f\u017ee, je dobr\u00e9. Na tom se ur\u010dit\u011b shodneme. A proto je ur\u010dit\u011b i n\u00e1\u0161 web dobr\u00fd. Jak jist\u011b spolu s\u00a0n\u00e1mi uzn\u00e1te, jen co ho pozn\u00e1te.","url":"https:\/\/www.szpd.cz","hasPart":[{"@type":"Article","@id":"https:\/\/www.szpd.cz\/nove-bydliste-nove-zacatky\/","headline":"Nov\u00e9 bydli\u0161t\u011b &#8211; nov\u00e9 za\u010d\u00e1tky","url":"https:\/\/www.szpd.cz\/nove-bydliste-nove-zacatky\/","datePublished":"2023-09-20","dateModified":"2023-11-06","mainEntityOfPage":"https:\/\/www.szpd.cz\/nove-bydliste-nove-zacatky\/","author":{"@type":"Person","@id":"https:\/\/www.szpd.cz\/author\/#Person","name":"","url":"https:\/\/www.szpd.cz\/author\/","identifier":1,"image":{"@type":"ImageObject","@id":"https:\/\/secure.gravatar.com\/avatar\/8e6cbe5510d042e6a0b15162e198f2fd22eed76a4b5a1734d2174c652daccabc?s=96&d=mm&r=g","url":"https:\/\/secure.gravatar.com\/avatar\/8e6cbe5510d042e6a0b15162e198f2fd22eed76a4b5a1734d2174c652daccabc?s=96&d=mm&r=g","height":96,"width":96}},"publisher":{"@type":"Organization","name":"szpd.cz","logo":{"@type":"ImageObject","@id":"\/logo.png","url":"\/logo.png","width":600,"height":60}},"image":{"@type":"ImageObject","@id":"https:\/\/www.szpd.cz\/wp-content\/uploads\/brandable-box-yiU8G1K85AM-unsplash_2.jpg","url":"https:\/\/www.szpd.cz\/wp-content\/uploads\/brandable-box-yiU8G1K85AM-unsplash_2.jpg","height":0,"width":0},"wordCount":559,"keywords":null},{"@type":"Article","@id":"https:\/\/www.szpd.cz\/bryle-z-hypermarketu-nejsou-to-prave\/","headline":"Br\u00fdle z hypermarketu nejsou to prav\u00e9","url":"https:\/\/www.szpd.cz\/bryle-z-hypermarketu-nejsou-to-prave\/","datePublished":"2023-09-01","dateModified":"2023-09-01","mainEntityOfPage":"https:\/\/www.szpd.cz\/bryle-z-hypermarketu-nejsou-to-prave\/","author":{"@type":"Person","@id":"https:\/\/www.szpd.cz\/author\/#Person","name":"","url":"https:\/\/www.szpd.cz\/author\/","identifier":1,"image":{"@type":"ImageObject","@id":"https:\/\/secure.gravatar.com\/avatar\/8e6cbe5510d042e6a0b15162e198f2fd22eed76a4b5a1734d2174c652daccabc?s=96&d=mm&r=g","url":"https:\/\/secure.gravatar.com\/avatar\/8e6cbe5510d042e6a0b15162e198f2fd22eed76a4b5a1734d2174c652daccabc?s=96&d=mm&r=g","height":96,"width":96}},"publisher":{"@type":"Organization","name":"szpd.cz","logo":{"@type":"ImageObject","@id":"\/logo.png","url":"\/logo.png","width":600,"height":60}},"image":null,"wordCount":272,"keywords":null},{"@type":"Article","@id":"https:\/\/www.szpd.cz\/klasika-ktera-chutna\/","headline":"Klasika, kter\u00e1 chutn\u00e1","url":"https:\/\/www.szpd.cz\/klasika-ktera-chutna\/","datePublished":"2023-07-25","dateModified":"2023-07-25","mainEntityOfPage":"https:\/\/www.szpd.cz\/klasika-ktera-chutna\/","author":{"@type":"Person","@id":"https:\/\/www.szpd.cz\/author\/#Person","name":"","url":"https:\/\/www.szpd.cz\/author\/","identifier":1,"image":{"@type":"ImageObject","@id":"https:\/\/secure.gravatar.com\/avatar\/8e6cbe5510d042e6a0b15162e198f2fd22eed76a4b5a1734d2174c652daccabc?s=96&d=mm&r=g","url":"https:\/\/secure.gravatar.com\/avatar\/8e6cbe5510d042e6a0b15162e198f2fd22eed76a4b5a1734d2174c652daccabc?s=96&d=mm&r=g","height":96,"width":96}},"publisher":{"@type":"Organization","name":"szpd.cz","logo":{"@type":"ImageObject","@id":"\/logo.png","url":"\/logo.png","width":600,"height":60}},"image":null,"wordCount":269,"keywords":null},{"@type":"Article","@id":"https:\/\/www.szpd.cz\/nase-zuby\/","headline":"Na\u0161e zuby","url":"https:\/\/www.szpd.cz\/nase-zuby\/","datePublished":"2023-07-15","dateModified":"2023-10-11","mainEntityOfPage":"https:\/\/www.szpd.cz\/nase-zuby\/","author":{"@type":"Person","@id":"https:\/\/www.szpd.cz\/author\/#Person","name":"","url":"https:\/\/www.szpd.cz\/author\/","identifier":1,"image":{"@type":"ImageObject","@id":"https:\/\/secure.gravatar.com\/avatar\/8e6cbe5510d042e6a0b15162e198f2fd22eed76a4b5a1734d2174c652daccabc?s=96&d=mm&r=g","url":"https:\/\/secure.gravatar.com\/avatar\/8e6cbe5510d042e6a0b15162e198f2fd22eed76a4b5a1734d2174c652daccabc?s=96&d=mm&r=g","height":96,"width":96}},"publisher":{"@type":"Organization","name":"szpd.cz","logo":{"@type":"ImageObject","@id":"\/logo.png","url":"\/logo.png","width":600,"height":60}},"image":{"@type":"ImageObject","@id":"https:\/\/www.szpd.cz\/wp-content\/uploads\/teeth-414489_640.jpg","url":"https:\/\/www.szpd.cz\/wp-content\/uploads\/teeth-414489_640.jpg","height":0,"width":0},"wordCount":619,"keywords":null},{"@type":"Article","@id":"https:\/\/www.szpd.cz\/pohoda-kterou-si-muzete-koupit\/","headline":"Pohoda, kterou si m\u016f\u017eete koupit","url":"https:\/\/www.szpd.cz\/pohoda-kterou-si-muzete-koupit\/","datePublished":"2023-06-18","dateModified":"2024-06-21","mainEntityOfPage":"https:\/\/www.szpd.cz\/pohoda-kterou-si-muzete-koupit\/","author":{"@type":"Person","@id":"https:\/\/www.szpd.cz\/author\/#Person","name":"","url":"https:\/\/www.szpd.cz\/author\/","identifier":1,"image":{"@type":"ImageObject","@id":"https:\/\/secure.gravatar.com\/avatar\/8e6cbe5510d042e6a0b15162e198f2fd22eed76a4b5a1734d2174c652daccabc?s=96&d=mm&r=g","url":"https:\/\/secure.gravatar.com\/avatar\/8e6cbe5510d042e6a0b15162e198f2fd22eed76a4b5a1734d2174c652daccabc?s=96&d=mm&r=g","height":96,"width":96}},"publisher":{"@type":"Organization","name":"szpd.cz","logo":{"@type":"ImageObject","@id":"\/logo.png","url":"\/logo.png","width":600,"height":60}},"image":null,"wordCount":272,"keywords":null},{"@type":"Article","@id":"https:\/\/www.szpd.cz\/neni-pracka-jako-pracka\/","headline":"Nen\u00ed pra\u010dka jako pra\u010dka","url":"https:\/\/www.szpd.cz\/neni-pracka-jako-pracka\/","datePublished":"2023-05-26","dateModified":"2023-05-26","mainEntityOfPage":"https:\/\/www.szpd.cz\/neni-pracka-jako-pracka\/","author":{"@type":"Person","@id":"https:\/\/www.szpd.cz\/author\/#Person","name":"","url":"https:\/\/www.szpd.cz\/author\/","identifier":1,"image":{"@type":"ImageObject","@id":"https:\/\/secure.gravatar.com\/avatar\/8e6cbe5510d042e6a0b15162e198f2fd22eed76a4b5a1734d2174c652daccabc?s=96&d=mm&r=g","url":"https:\/\/secure.gravatar.com\/avatar\/8e6cbe5510d042e6a0b15162e198f2fd22eed76a4b5a1734d2174c652daccabc?s=96&d=mm&r=g","height":96,"width":96}},"publisher":{"@type":"Organization","name":"szpd.cz","logo":{"@type":"ImageObject","@id":"\/logo.png","url":"\/logo.png","width":600,"height":60}},"image":{"@type":"ImageObject","@id":"https:\/\/www.szpd.cz\/wp-content\/uploads\/img_a334332_w2750_t1547992722.jpg","url":"https:\/\/www.szpd.cz\/wp-content\/uploads\/img_a334332_w2750_t1547992722.jpg","height":0,"width":0},"wordCount":561,"keywords":null},{"@type":"Article","@id":"https:\/\/www.szpd.cz\/domov-plny-krasne-vune-i-cisteho-vzduchu\/","headline":"Domov pln\u00fd kr\u00e1sn\u00e9 v\u016fn\u011b i \u010dist\u00e9ho vzduchu","url":"https:\/\/www.szpd.cz\/domov-plny-krasne-vune-i-cisteho-vzduchu\/","datePublished":"2023-05-26","dateModified":"2023-05-26","mainEntityOfPage":"https:\/\/www.szpd.cz\/domov-plny-krasne-vune-i-cisteho-vzduchu\/","author":{"@type":"Person","@id":"https:\/\/www.szpd.cz\/author\/#Person","name":"","url":"https:\/\/www.szpd.cz\/author\/","identifier":1,"image":{"@type":"ImageObject","@id":"https:\/\/secure.gravatar.com\/avatar\/8e6cbe5510d042e6a0b15162e198f2fd22eed76a4b5a1734d2174c652daccabc?s=96&d=mm&r=g","url":"https:\/\/secure.gravatar.com\/avatar\/8e6cbe5510d042e6a0b15162e198f2fd22eed76a4b5a1734d2174c652daccabc?s=96&d=mm&r=g","height":96,"width":96}},"publisher":{"@type":"Organization","name":"szpd.cz","logo":{"@type":"ImageObject","@id":"\/logo.png","url":"\/logo.png","width":600,"height":60}},"image":{"@type":"ImageObject","@id":"https:\/\/www.szpd.cz\/wp-content\/uploads\/img_a333009_w2272_t1546119409.jpg","url":"https:\/\/www.szpd.cz\/wp-content\/uploads\/img_a333009_w2272_t1546119409.jpg","height":0,"width":0},"wordCount":487,"keywords":null},{"@type":"Article","@id":"https:\/\/www.szpd.cz\/rozchod-kvuli-tchyni\/","headline":"Rozchod kv\u016fli tchyni?","url":"https:\/\/www.szpd.cz\/rozchod-kvuli-tchyni\/","datePublished":"2023-05-26","dateModified":"2023-05-26","mainEntityOfPage":"https:\/\/www.szpd.cz\/rozchod-kvuli-tchyni\/","author":{"@type":"Person","@id":"https:\/\/www.szpd.cz\/author\/#Person","name":"","url":"https:\/\/www.szpd.cz\/author\/","identifier":1,"image":{"@type":"ImageObject","@id":"https:\/\/secure.gravatar.com\/avatar\/8e6cbe5510d042e6a0b15162e198f2fd22eed76a4b5a1734d2174c652daccabc?s=96&d=mm&r=g","url":"https:\/\/secure.gravatar.com\/avatar\/8e6cbe5510d042e6a0b15162e198f2fd22eed76a4b5a1734d2174c652daccabc?s=96&d=mm&r=g","height":96,"width":96}},"publisher":{"@type":"Organization","name":"szpd.cz","logo":{"@type":"ImageObject","@id":"\/logo.png","url":"\/logo.png","width":600,"height":60}},"image":{"@type":"ImageObject","@id":"https:\/\/www.szpd.cz\/wp-content\/uploads\/img_a328517_w2115_t1540742167.jpg","url":"https:\/\/www.szpd.cz\/wp-content\/uploads\/img_a328517_w2115_t1540742167.jpg","height":0,"width":0},"wordCount":615,"keywords":null},{"@type":"Article","@id":"https:\/\/www.szpd.cz\/australie-misto-kde-chodi-hlavou-vzhuru-nohama\/","headline":"Austr\u00e1lie \u2013 m\u00edsto, kde chod\u00ed hlavou vzh\u016fru nohama","url":"https:\/\/www.szpd.cz\/australie-misto-kde-chodi-hlavou-vzhuru-nohama\/","datePublished":"2023-05-26","dateModified":"2023-05-26","mainEntityOfPage":"https:\/\/www.szpd.cz\/australie-misto-kde-chodi-hlavou-vzhuru-nohama\/","author":{"@type":"Person","@id":"https:\/\/www.szpd.cz\/author\/#Person","name":"","url":"https:\/\/www.szpd.cz\/author\/","identifier":1,"image":{"@type":"ImageObject","@id":"https:\/\/secure.gravatar.com\/avatar\/8e6cbe5510d042e6a0b15162e198f2fd22eed76a4b5a1734d2174c652daccabc?s=96&d=mm&r=g","url":"https:\/\/secure.gravatar.com\/avatar\/8e6cbe5510d042e6a0b15162e198f2fd22eed76a4b5a1734d2174c652daccabc?s=96&d=mm&r=g","height":96,"width":96}},"publisher":{"@type":"Organization","name":"szpd.cz","logo":{"@type":"ImageObject","@id":"\/logo.png","url":"\/logo.png","width":600,"height":60}},"image":{"@type":"ImageObject","@id":"https:\/\/www.szpd.cz\/wp-content\/uploads\/img_a313064_w2452_t1523731900.jpg","url":"https:\/\/www.szpd.cz\/wp-content\/uploads\/img_a313064_w2452_t1523731900.jpg","height":0,"width":0},"wordCount":619,"keywords":null},{"@type":"Article","@id":"https:\/\/www.szpd.cz\/na-sever-dal-na-sever\/","headline":"Na sever, d\u00e1l na sever","url":"https:\/\/www.szpd.cz\/na-sever-dal-na-sever\/","datePublished":"2023-05-26","dateModified":"2023-05-26","mainEntityOfPage":"https:\/\/www.szpd.cz\/na-sever-dal-na-sever\/","author":{"@type":"Person","@id":"https:\/\/www.szpd.cz\/author\/#Person","name":"","url":"https:\/\/www.szpd.cz\/author\/","identifier":1,"image":{"@type":"ImageObject","@id":"https:\/\/secure.gravatar.com\/avatar\/8e6cbe5510d042e6a0b15162e198f2fd22eed76a4b5a1734d2174c652daccabc?s=96&d=mm&r=g","url":"https:\/\/secure.gravatar.com\/avatar\/8e6cbe5510d042e6a0b15162e198f2fd22eed76a4b5a1734d2174c652daccabc?s=96&d=mm&r=g","height":96,"width":96}},"publisher":{"@type":"Organization","name":"szpd.cz","logo":{"@type":"ImageObject","@id":"\/logo.png","url":"\/logo.png","width":600,"height":60}},"image":{"@type":"ImageObject","@id":"https:\/\/www.szpd.cz\/wp-content\/uploads\/img_a308093_w2268_t1519233336.jpg","url":"https:\/\/www.szpd.cz\/wp-content\/uploads\/img_a308093_w2268_t1519233336.jpg","height":0,"width":0},"wordCount":460,"keywords":null}]},{"@context":"https:\/\/schema.org","@type":"WebSite","@id":"https:\/\/www.szpd.cz\/#website","name":"Szpd","url":"https:\/\/www.szpd.cz","potentialAction":{"@type":"SearchAction","target":"https:\/\/www.szpd.cz\/?s={search_term_string}","query-input":"required name=search_term_string"}}]