[{"@context":"https:\/\/schema.org\/","@type":"Article","@id":"https:\/\/www.szpd.cz\/nezapominejte-historie-je-stavebnim-kamenem-pro-soucasnost\/#Article","mainEntityOfPage":"https:\/\/www.szpd.cz\/nezapominejte-historie-je-stavebnim-kamenem-pro-soucasnost\/","headline":"Nezapom\u00ednejte, historie je stavebn\u00edm kamenem pro sou\u010dasnost","name":"Nezapom\u00ednejte, historie je stavebn\u00edm kamenem pro sou\u010dasnost","description":"N\u011bkoho bav\u00ed to a n\u011bkoho zase ono. U\u017e ve \u0161kole jste nemuseli m\u00edt n\u011bkter\u00e9 vyu\u010dovac\u00ed p\u0159edm\u011bty, proto\u017ee V\u00e1s nebavilo u\u010dit se, kdo kdy \u017eil, co &hellip; ","datePublished":"2019-02-04","dateModified":"2023-05-26","author":{"@type":"Person","@id":"https:\/\/www.szpd.cz\/author\/#Person","name":"","url":"https:\/\/www.szpd.cz\/author\/","identifier":1,"image":{"@type":"ImageObject","@id":"https:\/\/secure.gravatar.com\/avatar\/8e6cbe5510d042e6a0b15162e198f2fd22eed76a4b5a1734d2174c652daccabc?s=96&d=mm&r=g","url":"https:\/\/secure.gravatar.com\/avatar\/8e6cbe5510d042e6a0b15162e198f2fd22eed76a4b5a1734d2174c652daccabc?s=96&d=mm&r=g","height":96,"width":96}},"publisher":{"@type":"Organization","name":"szpd.cz","logo":{"@type":"ImageObject","@id":"\/logo.png","url":"\/logo.png","width":600,"height":60}},"image":{"@type":"ImageObject","@id":"https:\/\/www.szpd.cz\/wp-content\/uploads\/img_a338888_w1733_t1552033159.jpg","url":"https:\/\/www.szpd.cz\/wp-content\/uploads\/img_a338888_w1733_t1552033159.jpg","height":0,"width":0},"url":"https:\/\/www.szpd.cz\/nezapominejte-historie-je-stavebnim-kamenem-pro-soucasnost\/","about":["Mobil"],"wordCount":397,"articleBody":"       N\u011bkoho bav\u00ed to a n\u011bkoho zase ono. U\u017e ve \u0161kole jste nemuseli m\u00edt n\u011bkter\u00e9 vyu\u010dovac\u00ed p\u0159edm\u011bty, proto\u017ee V\u00e1s nebavilo u\u010dit se, kdo kdy \u017eil, co ud\u011blal. Pro\u010d se to st\u00e1le u\u010dit? Koho to zaj\u00edm\u00e1? Jednou se tak stalo. V po\u0159\u00e1dku. Ale co my s t\u00edm dnes? U\u017e je to za n\u00e1mi.Jen\u017ee ono to nen\u00ed tak jednoduch\u00e9. Kdyby p\u0159ece nebylo t\u011bch na\u0161ich v\u00fdznamn\u00fdch p\u0159edk\u016f, nebyli bychom tak daleko ani my. Sou\u010dasnost a historie maj\u00ed k sob\u011b sakra bl\u00edzko! A propojen\u00ed t\u011bchto dvou epoch je v\u00e1\u017en\u011b d\u016fle\u017eit\u00e9.V\u0161echno m\u00e1 svou historickou podstatu. A\u0165 jsou to vyn\u00e1lezy, nebo historie vzniku \u0159emesla, \u010di snad vzniku kraj\u016f v na\u0161\u00ed zemi. Prost\u011b \u010dehokoliv. A kdy\u017e tedy d\u011bjepisu a historii v\u016fbec nehov\u00edte, potom v\u011b\u0159te, \u017ee historick\u00e9 ko\u0159eny, nap\u0159. \u0159emesln\u00e9 d\u00edlny V\u00e1s mohou ovlivnit p\u0159i v\u00fdb\u011bru \u0159emesln\u00edk\u016f. Jestli\u017ee se dozv\u00edte, \u017ee \u0159emeslo se v n\u011bkter\u00fdch sou\u010dasn\u00fdch d\u00edln\u00e1ch p\u0159en\u00e1\u0161\u00ed z generace na generaci u\u017e po n\u011bkolik des\u00edtek let, budete m\u00edt p\u0159ece v\u011bt\u0161\u00ed d\u016fv\u011bru v jejich slu\u017eby, nebo produkty. Geny se nezap\u0159ou. A historick\u00e9 technologie p\u0159edk\u016f, kter\u00e9 z rodinn\u00e9 \u0159emesln\u00e9 d\u00edlny \u010din\u00ed vyhled\u00e1vanou firmou, jsou z\u00e1rukou kvality, kterou \u017e\u00e1dn\u00e1 jin\u00e1 nevlastn\u00ed! A na tomto p\u0159\u00edkladu vid\u00edte, jak je modern\u00ed sou\u010dasnost \u00fazce propojen\u00e1 s historick\u00fdm podtextem! Kter\u00e1 spole\u010dnost navazuje na historick\u00e9 technologie pr\u00e1ce? Modernizuje technologick\u00e9 postupy, ale p\u0159itom zachov\u00e1v\u00e1 p\u016fvodn\u00ed recept v\u00fdroby? Kter\u00e1 spole\u010dnost zn\u00e1 tento recept na kvalitn\u011b odvedenou pr\u00e1ci v podob\u011b slu\u017eeb, nebo v podob\u011b produktu? Sou\u010dasnost a historie jde ruku v ruce! I kdy\u017e vznikaj\u00ed nov\u00e9 a modern\u011bj\u0161\u00ed pracovn\u00ed postupy, v\u017edycky stav\u00ed na pozn\u00e1n\u00ed historie. Tak to prost\u011b je. V\u0161echno m\u00e1 svou posloupnost. V\u017edycky se mus\u00ed za\u010d\u00edt od jednoduch\u00e9ho a postupovat ke slo\u017eit\u00e9mu. I na\u0161e spole\u010dnost u\u017e v t\u00e9to f\u00e1zi tvo\u0159\u00ed historii. To proto, aby budouc\u00ed sou\u010dasnost m\u011bla na \u010dem stav\u011bt. Zaj\u00edmejte se tedy o historick\u00e9 ko\u0159eny sou\u010dasnosti, abyste se mohli l\u00e9pe rozhodovat!                                                                                                                                                                                                                                                                                                                                                                                          4.1\/5 - (13 votes)        "},{"@context":"https:\/\/schema.org\/","@type":"BreadcrumbList","itemListElement":[{"@type":"ListItem","position":1,"name":"Nezapom\u00ednejte, historie je stavebn\u00edm kamenem pro sou\u010dasnost","item":"https:\/\/www.szpd.cz\/nezapominejte-historie-je-stavebnim-kamenem-pro-soucasnost\/#breadcrumbitem"}]}]