[{"@context":"https:\/\/schema.org\/","@type":"Article","@id":"https:\/\/www.szpd.cz\/neni-pracka-jako-pracka\/#Article","mainEntityOfPage":"https:\/\/www.szpd.cz\/neni-pracka-jako-pracka\/","headline":"Nen\u00ed pra\u010dka jako pra\u010dka","name":"Nen\u00ed pra\u010dka jako pra\u010dka","description":"Mo\u017en\u00e1 v\u00e1m v\u00fdb\u011br pra\u010dky p\u0159ijde jako zanedbateln\u00e1 v\u011bc ale mus\u00edte si uv\u011bdomit, \u017ee pra\u010dka bude v\u00e1\u0161 par\u0165\u00e1k pro n\u011bkolik dal\u0161\u00edch let a proto je d\u016fle\u017eit\u00e9 &hellip; ","datePublished":"2023-05-26","dateModified":"2023-05-26","author":{"@type":"Person","@id":"https:\/\/www.szpd.cz\/author\/#Person","name":"","url":"https:\/\/www.szpd.cz\/author\/","identifier":1,"image":{"@type":"ImageObject","@id":"https:\/\/secure.gravatar.com\/avatar\/8e6cbe5510d042e6a0b15162e198f2fd22eed76a4b5a1734d2174c652daccabc?s=96&d=mm&r=g","url":"https:\/\/secure.gravatar.com\/avatar\/8e6cbe5510d042e6a0b15162e198f2fd22eed76a4b5a1734d2174c652daccabc?s=96&d=mm&r=g","height":96,"width":96}},"publisher":{"@type":"Organization","name":"szpd.cz","logo":{"@type":"ImageObject","@id":"\/logo.png","url":"\/logo.png","width":600,"height":60}},"image":{"@type":"ImageObject","@id":"https:\/\/www.szpd.cz\/wp-content\/uploads\/img_a334332_w2750_t1547992722.jpg","url":"https:\/\/www.szpd.cz\/wp-content\/uploads\/img_a334332_w2750_t1547992722.jpg","height":0,"width":0},"url":"https:\/\/www.szpd.cz\/neni-pracka-jako-pracka\/","wordCount":489,"articleBody":"Mo\u017en\u00e1 v\u00e1m v\u00fdb\u011br pra\u010dky p\u0159ijde jako zanedbateln\u00e1 v\u011bc ale mus\u00edte si uv\u011bdomit, \u017ee pra\u010dka bude v\u00e1\u0161 par\u0165\u00e1k pro n\u011bkolik dal\u0161\u00edch let a proto je d\u016fle\u017eit\u00e9 se po\u0159\u00e1dn\u011b zam\u011b\u0159it na jej\u00ed v\u00fdb\u011br. Na co konkr\u00e9tn\u011b se zam\u011b\u0159it?1.\u00a0\u00a0\u00a0\u00a0\u00a0 Zm\u011b\u0159te si prostor na pra\u010dkuDo dne\u0161ka m\u00e1m v\u00a0pam\u011bti, jak jsme si do bytu kupovali svoji prvn\u00ed pra\u010dku, kdy\u017e jsme se p\u00e1r let na to st\u011bhovali do vlastn\u00edho bydlen\u00ed, zjistili jsme, \u017ee na\u0161e milovan\u00e1 pra\u010dka se nevleze do koupelny v\u00a0dom\u011b, kter\u00fd jsme zrovna koupili. A co te\u010f? Jako prvn\u00ed, je\u0161t\u011b p\u0159ed n\u00e1kupem pra\u010dky, si zm\u011b\u0159te prostor, kter\u00fd je pro pra\u010dku ur\u010den\u00fd. Po\u010d\u00edtejte s\u00a0men\u0161\u00edm nadm\u011brkem skrz pohyb pra\u010dky p\u0159i \u017ed\u00edm\u00e1n\u00ed. Sice pokud budete m\u00edt pra\u010dku dob\u0159e vyv\u00e1\u017eenou tak, by se pra\u010dka pohybovat nem\u011bla, ale ned\u00e1 se na to 100% spolehnout.Podle prostoru na pra\u010dku si ur\u010dete, jakou pra\u010dku budete cht\u00edt koupit. Pra\u010dky s\u00a0p\u0159edn\u00edm pln\u011bn\u00edm jsou z\u00a0pravidla \u0161ir\u0161\u00ed a pra\u010dky s\u00a0horn\u00edm pln\u011bn\u00edm jsou u\u017e\u0161\u00ed ale zase vy\u0161\u0161\u00ed.2.\u00a0\u00a0\u00a0\u00a0\u00a0 Pod\u00edvejte se na testy pra\u010dekTesty spot\u0159ebitelsk\u00e9ho zbo\u017e\u00ed jsou v\u00a0sou\u010dasn\u00e9 dob\u011b dostupn\u00e9 v\u0161em a je dobr\u00e9 si je p\u0159e\u010d\u00edst. Pokud si chcete koupit novou pra\u010dku, tak aby n\u011bco vydr\u017eela, pak si je ur\u010dit\u011b projd\u011bte. Zjist\u00edte, kter\u00e9 zna\u010dky jsou nejm\u00e9n\u011b poruchov\u00e9, kter\u00e9 jsou v\u00a0dobr\u00e9m pom\u011bru cena\/v\u00fdkon.3.\u00a0\u00a0\u00a0\u00a0\u00a0 Na co se zam\u011b\u0159it p\u0159i v\u00fdb\u011bru pra\u010dkyJsou v\u011bci, kter\u00e9 si m\u016f\u017eete p\u0159ed n\u00e1kupem pra\u010dky pohl\u00eddat. P\u0159edev\u0161\u00edm si pohl\u00eddejte, jak\u00e9 programy dan\u00e1 pra\u010dka m\u00e1, a jak\u00e9 vyu\u017eijete. Dne\u0161n\u00ed pra\u010dky jsou v\u011bt\u0161inou hodn\u011b ekologick\u00e9 a programy \u0161et\u0159\u00ed vodu i energii, jsou ale o dost del\u0161\u00ed ne\u017e jste u star\u0161\u00edch pra\u010dek zvykl\u00ed. Pohl\u00eddejte si, \u017ee pra\u010dka m\u00e1 program na b\u011b\u017en\u00e9 pr\u00e1dlo, syntetiku, bavlnu, vlnu, jemn\u00e9 pr\u00e1dlo, n\u011bkter\u00e9 pra\u010dky obsahuj\u00ed i program na odstran\u011bn\u00ed zv\u00ed\u0159ec\u00edch chlup\u016f nebo speci\u00e1ln\u00ed program pro pran\u00ed d\u011btsk\u00e9ho pr\u00e1dla.4.\u00a0\u00a0\u00a0\u00a0\u00a0 Chcete i su\u0161i\u010dku?Pokud chcete pra\u010dku se su\u0161i\u010dkou v\u00a0jednom, pak v\u011bzte, \u017ee v\u00fdb\u011br pra\u010dky nen\u00ed tak jednoduch\u00fd. Pra\u010dky se su\u0161i\u010dkou toti\u017e maj\u00ed jeden nedostatek. V\u011bt\u0161inou toti\u017e neusu\u0161\u00ed tolik pr\u00e1dla, kolik ho vyperou a spot\u0159eba energie je vy\u0161\u0161\u00ed. Pokud tedy perete b\u011b\u017en\u00e9 mno\u017estv\u00ed pr\u00e1dla, pak mus\u00edte pr\u00e1dlo je\u0161t\u011b dosu\u0161it n\u011bkde mimo, nebo pr\u00e1t men\u0161\u00ed mno\u017estv\u00ed pr\u00e1dla.                                                                                                                                                                                                                                                                                                                                                                                        3.9\/5 - (8 votes)        "},{"@context":"https:\/\/schema.org\/","@type":"BreadcrumbList","itemListElement":[{"@type":"ListItem","position":1,"name":"Nen\u00ed pra\u010dka jako pra\u010dka","item":"https:\/\/www.szpd.cz\/neni-pracka-jako-pracka\/#breadcrumbitem"}]}]