[{"@context":"https:\/\/schema.org\/","@type":"Article","@id":"https:\/\/www.szpd.cz\/moderni-auto\/#Article","mainEntityOfPage":"https:\/\/www.szpd.cz\/moderni-auto\/","headline":"Modern\u00ed auto","name":"Modern\u00ed auto","description":"Kdy\u017e jsem dostala sv\u00e9 prvn\u00ed auto, tak jsem cht\u011bla, aby samoz\u0159ejm\u011b bylo dokonal\u00e9. Necht\u011bla jsem m\u00edt jenom oby\u010dejn\u00e9 auto, kter\u00e9 m\u00e1 opravdu jenom ka\u017ed\u00fd druh\u00fd. &hellip; ","datePublished":"2022-12-27","dateModified":"2023-05-26","author":{"@type":"Person","@id":"https:\/\/www.szpd.cz\/author\/#Person","name":"","url":"https:\/\/www.szpd.cz\/author\/","identifier":1,"image":{"@type":"ImageObject","@id":"https:\/\/secure.gravatar.com\/avatar\/8e6cbe5510d042e6a0b15162e198f2fd22eed76a4b5a1734d2174c652daccabc?s=96&d=mm&r=g","url":"https:\/\/secure.gravatar.com\/avatar\/8e6cbe5510d042e6a0b15162e198f2fd22eed76a4b5a1734d2174c652daccabc?s=96&d=mm&r=g","height":96,"width":96}},"publisher":{"@type":"Organization","name":"szpd.cz","logo":{"@type":"ImageObject","@id":"\/logo.png","url":"\/logo.png","width":600,"height":60}},"image":{"@type":"ImageObject","@id":"https:\/\/www.szpd.cz\/wp-content\/uploads\/auto-2179220_960_720_4.jpg","url":"https:\/\/www.szpd.cz\/wp-content\/uploads\/auto-2179220_960_720_4.jpg","height":0,"width":0},"url":"https:\/\/www.szpd.cz\/moderni-auto\/","about":["Business"],"wordCount":415,"articleBody":"      Kdy\u017e jsem dostala sv\u00e9 prvn\u00ed auto, tak jsem cht\u011bla, aby samoz\u0159ejm\u011b bylo dokonal\u00e9. Necht\u011bla jsem m\u00edt jenom oby\u010dejn\u00e9 auto, kter\u00e9 m\u00e1 opravdu jenom ka\u017ed\u00fd druh\u00fd. Cht\u011bla jsem na sv\u00e9m aut\u011b m\u00edt n\u011bco, co nemaj\u00ed jenom tak n\u011bkdo. A chv\u00edli jsem p\u0159em\u00fd\u0161lela o tom, \u017ee si d\u00e1m dozadu k\u0159\u00eddlo. V\u00edte v\u016fbec, co to znamen\u00e1 k\u0159\u00eddlo? Je\u0161t\u011b na p\u0159elomu tis\u00edcilet\u00ed to bylo velice popul\u00e1rn\u00ed mezi teenagery hlavn\u011b mezi t\u011bmi, kdo m\u011bl \u010derstv\u00e9 \u0159idi\u010dsk\u00fd pr\u016fkaz. Ka\u017ed\u00fd cht\u011bl m\u00edt na sv\u00e9m aut\u011b k\u0159\u00eddlo. To byl takov\u00fd kus plastu, kter\u00fd se d\u00e1val na zadn\u00ed kufr auta. Ono to vypadalo stra\u0161n\u011b moc p\u011bkn\u011b a mus\u00edm \u0159\u00edct, \u017ee ale v dne\u0161n\u00ed dob\u011b bych to asi u\u017e necht\u011bla. Je to u\u017e takov\u00fd zastaral\u00fd model a mysl\u00edm si, \u017ee u\u017e je to vhodn\u00e9 pouze jenom pro sportovn\u00ed auta na n\u011bjak\u00fd sportovn\u00ed okruh. Tak\u017ee jsem si \u0159ekla, \u017ee bych si dala t\u0159eba n\u011bjakou kr\u00e1snou f\u00f3lii na auto. A prodej autof\u00f3li\u00ed se\u017eenete skv\u011ble webov\u00e9 str\u00e1nce nanofilms.cz. Tak\u00e9 se nemus\u00edte b\u00e1t, \u017ee tady v\u00e1m poni\u010d\u00ed auto, pokud si od t\u00e9to firmy nech\u00e1te d\u00e1t speci\u00e1ln\u00ed autofolii. A taky prodej autof\u00f3li\u00ed z\u00e1vis\u00ed na tom, jak\u00e9 m\u00e1te auto a kolik t\u011bch autof\u00f3li\u00ed budete cht\u00edt. Samoz\u0159ejm\u011b, \u017ee autofolie se nesm\u00ed d\u00e1vat u\u017e na p\u0159edn\u00ed sklo. A to je kv\u016fli tomu, abyste \u0161li vid\u011bt. A to kv\u016fli tomu, kdy\u017e policie kouk\u00e1 do aut dalekohledem, tak samoz\u0159ejm\u011b kv\u016fli tomu nesm\u00edte m\u00edt zatmaven\u00e9 sklo. Nicm\u00e9n\u011b ale hlavn\u011b autofolie, takov\u00e9 ty tmav\u00e9, se d\u00e1vaj\u00ed hlavn\u011b na bo\u010dn\u00ed skla, kv\u016fli tomu je potom v m\u00e9n\u011b slune\u010dn\u00edho sv\u011btla, co\u017e bych j\u00e1 ocenila. J\u00e1 toti\u017e velice \u010dasto jezd\u00edm na dlouh\u00e9 cesty v l\u00e9t\u011b, tak\u017ee by se mi autofolie hodila. A prodej f\u00f3li\u00ed se\u017eenete jak na zm\u00edn\u011bn\u00e9 webov\u00e9 str\u00e1nce, tak kdekoli jinde, kde je kvalitn\u00ed autoservis. Tak\u017ee prodej autof\u00f3li\u00ed bude jist\u011b v\u00fdhodn\u00fd pro v\u00e1s, kde chce m\u00edt sv\u00e9 auto \u0161ik a modern\u00ed. A v\u011b\u0159te nebo ne, opravdu nezn\u00e1m nikoho, kdo by nest\u00e1l o modern\u00ed a cool auto. Hlavn\u011b ti mlad\u00ed.                                                                                                                                                                                                                                                                                                                                                                                           4.4\/5 - (9 votes)        "},{"@context":"https:\/\/schema.org\/","@type":"BreadcrumbList","itemListElement":[{"@type":"ListItem","position":1,"name":"Modern\u00ed auto","item":"https:\/\/www.szpd.cz\/moderni-auto\/#breadcrumbitem"}]}]