[{"@context":"https:\/\/schema.org\/","@type":"Article","@id":"https:\/\/www.szpd.cz\/lide-a-reakce-na-vysledky-voleb\/#Article","mainEntityOfPage":"https:\/\/www.szpd.cz\/lide-a-reakce-na-vysledky-voleb\/","headline":"Lid\u00e9 a reakce na v\u00fdsledky voleb","name":"Lid\u00e9 a reakce na v\u00fdsledky voleb","description":"Lid\u00e9 maj\u00ed r\u016fzn\u00e9 reakce na v\u00fdsledky voleb. V\u017edy to ale dopadne tak, \u017ee to \u010dlov\u011bk n\u011bjak\u00fdm zp\u016fsobem p\u0159ijme. Mnohdy mu ani nic jin\u00e9ho nezbyde. V\u00a0dne\u0161n\u00edm &hellip; ","datePublished":"2024-08-29","dateModified":"2024-08-29","author":{"@type":"Person","@id":"https:\/\/www.szpd.cz\/author\/#Person","name":"","url":"https:\/\/www.szpd.cz\/author\/","identifier":1,"image":{"@type":"ImageObject","@id":"https:\/\/secure.gravatar.com\/avatar\/8e6cbe5510d042e6a0b15162e198f2fd22eed76a4b5a1734d2174c652daccabc?s=96&d=mm&r=g","url":"https:\/\/secure.gravatar.com\/avatar\/8e6cbe5510d042e6a0b15162e198f2fd22eed76a4b5a1734d2174c652daccabc?s=96&d=mm&r=g","height":96,"width":96}},"publisher":{"@type":"Organization","name":"szpd.cz","logo":{"@type":"ImageObject","@id":"\/logo.png","url":"\/logo.png","width":600,"height":60}},"image":{"@type":"ImageObject","@id":"https:\/\/www.szpd.cz\/wp-content\/uploads\/elections-4247398_640.jpg","url":"https:\/\/www.szpd.cz\/wp-content\/uploads\/elections-4247398_640.jpg","height":0,"width":0},"url":"https:\/\/www.szpd.cz\/lide-a-reakce-na-vysledky-voleb\/","about":["Politika"],"wordCount":462,"articleBody":"Lid\u00e9 maj\u00ed r\u016fzn\u00e9 reakce na v\u00fdsledky voleb. V\u017edy to ale dopadne tak, \u017ee to \u010dlov\u011bk n\u011bjak\u00fdm zp\u016fsobem p\u0159ijme. Mnohdy mu ani nic jin\u00e9ho nezbyde. V\u00a0dne\u0161n\u00edm sv\u011bt\u011b to nen\u00ed jednoduch\u00e9, co se t\u00fdk\u00e1 politiky. Ka\u017ed\u00fd \u010dlov\u011bk to vid\u00ed jinak. Jsou lid\u00e9, kte\u0159\u00ed up\u0159ednostn\u00ed jednu stranu a jsou lid\u00e9, kte\u0159\u00ed up\u0159ednostn\u00ed druhou. Jestli ale nen\u00ed n\u011bco p\u011bkn\u00e9, pak je to to, \u017ee si lid\u00e9 kv\u016fli volb\u00e1m nad\u00e1vaj\u00ed a nechovaj\u00ed se k\u00a0sob\u011b s\u00a0\u00factou. To, \u017ee m\u00e1 n\u011bkdo jin\u00fd n\u00e1zor ne\u017e vy neznamen\u00e1, \u017ee m\u00e1te pr\u00e1vo dan\u00e9mu \u010dlov\u011bku sprost\u011b nad\u00e1vat. Bohu\u017eel se najdou lid\u00e9, kte\u0159\u00ed druh\u00fdm nad\u00e1vaj\u00ed a rozhodn\u011b to nen\u00ed dob\u0159e.Ka\u017ed\u00fd \u010dlov\u011bk vid\u00ed politiku jin\u00fdm \u00fahlem pohledu. To, co vyhovuje jednomu, nemus\u00ed vyhovovat druh\u00e9mu a pr\u00e1v\u011b z\u00a0toho d\u016fvodu se jeden \u010dlov\u011bk m\u016f\u017ee rozhodnout volit tak a druh\u00fd \u010dlov\u011bk jinak. Lid\u00e9 by si ale kv\u016fli politiky nem\u011bli nad\u00e1vat. Ka\u017ed\u00fd z\u00a0n\u00e1s m\u016f\u017ee m\u00edt sv\u016fj n\u00e1zor. Jestli\u017ee m\u00e1 s\u00a0n\u011b\u010d\u00edm v\u00a0dne\u0161n\u00ed dob\u011b populace probl\u00e9m, je to to, \u017ee ka\u017ed\u00fd nem\u00e1 stejn\u00fd n\u00e1zor. \u010clov\u011bk by se m\u011bl nau\u010dit p\u0159ijmout n\u00e1zory druh\u00fdch lid\u00ed. Pro\u010d? Proto\u017ee se t\u00edm vy\u0159e\u0161\u00ed spousta v\u011bc\u00ed. Pokud se nau\u010d\u00edte p\u0159ijmout n\u00e1zory druh\u00fdch, m\u016f\u017eete tak spole\u010dn\u011b diskutovat a p\u0159ij\u00edt na to, pro\u010d v\u00e1m vyhovuje n\u011bco takov\u00e9ho a druh\u00e9mu zase n\u011bco jin\u00e9ho.Skute\u010dn\u011b byste si ale nem\u011bli nad\u00e1vat, proto\u017ee se n\u011bco takov\u00e9ho v\u016fbec nehod\u00ed. Je jedno, ze kter\u00e9 zem\u011b \u010dlov\u011bk je. Bohu\u017eel v\u00a0ka\u017ed\u00e9m st\u00e1t\u011b je to o tom, \u017ee si lid\u00e9 vz\u00e1jemn\u011b nad\u00e1vaj\u00ed, a to pr\u00e1v\u011b kv\u016fli volb\u00e1m. Ve v\u00fdsledku to dopadne tak, \u017ee a\u0165 u\u017e vyhraje kdokoliv, \u010dlov\u011bk se s\u00a0t\u00edm bude muset sm\u00ed\u0159it. Mnoho lid\u00ed d\u011bl\u00e1 to, \u017ee pokud maj\u00ed j\u00edt volit, sna\u017e\u00ed se vybrat to, co jim vyhovuje a co by nemuselo b\u00fdt \u0161patn\u00e9. Jak tomu re\u00e1ln\u011b bude nebo nebude se dan\u00fd \u010dlov\u011bk dozv\u00ed a\u017e \u010dasem. Bylo by dobr\u00e9 uv\u011bdomit si, \u017ee nad\u00e1vat si kv\u016fli volb\u00e1m nen\u00ed vhodn\u00e9. P\u0159ijm\u011bte n\u00e1zory druh\u00fdch lid\u00ed a spole\u010dn\u011b diskutujte. Je mo\u017en\u00e9, \u017ee si d\u00edky tomu roz\u0161\u00ed\u0159\u00edte sv\u00e9 obzory a zjist\u00edte, pro\u010d dan\u00fd \u010dlov\u011bk vol\u00ed tak, jak vol\u00ed. Je mo\u017en\u00e9, \u017ee to zm\u011bn\u00ed i v\u00e1\u0161 n\u00e1zor.                                                                                                                                                                                                                                                                                                                                                                                        4.5\/5 - (8 votes)        "},{"@context":"https:\/\/schema.org\/","@type":"BreadcrumbList","itemListElement":[{"@type":"ListItem","position":1,"name":"Lid\u00e9 a reakce na v\u00fdsledky voleb","item":"https:\/\/www.szpd.cz\/lide-a-reakce-na-vysledky-voleb\/#breadcrumbitem"}]}]