[{"@context":"https:\/\/schema.org\/","@type":"Article","@id":"https:\/\/www.szpd.cz\/horici-amazonie\/#Article","mainEntityOfPage":"https:\/\/www.szpd.cz\/horici-amazonie\/","headline":"Ho\u0159\u00edc\u00ed Amazonie","name":"Ho\u0159\u00edc\u00ed Amazonie","description":"Spousta politik\u016f sv\u016fj \u017eivot to\u010d\u00ed pouze kolem pen\u011bz. V sou\u010dasn\u00e9 dob\u011b je ide\u00e1ln\u00edm obrazem takov\u00e9hoto politika brazilsk\u00fd prezident Jair Bolsonaro. Tento politik je zn\u00e1m\u00ed sv\u00fdm &hellip; ","datePublished":"2019-08-27","dateModified":"2023-05-26","author":{"@type":"Person","@id":"https:\/\/www.szpd.cz\/author\/#Person","name":"","url":"https:\/\/www.szpd.cz\/author\/","identifier":1,"image":{"@type":"ImageObject","@id":"https:\/\/secure.gravatar.com\/avatar\/8e6cbe5510d042e6a0b15162e198f2fd22eed76a4b5a1734d2174c652daccabc?s=96&d=mm&r=g","url":"https:\/\/secure.gravatar.com\/avatar\/8e6cbe5510d042e6a0b15162e198f2fd22eed76a4b5a1734d2174c652daccabc?s=96&d=mm&r=g","height":96,"width":96}},"publisher":{"@type":"Organization","name":"szpd.cz","logo":{"@type":"ImageObject","@id":"\/logo.png","url":"\/logo.png","width":600,"height":60}},"image":{"@type":"ImageObject","@id":"https:\/\/www.szpd.cz\/wp-content\/uploads\/img_a352862_w3746_t1567253344.jpg","url":"https:\/\/www.szpd.cz\/wp-content\/uploads\/img_a352862_w3746_t1567253344.jpg","height":0,"width":0},"url":"https:\/\/www.szpd.cz\/horici-amazonie\/","about":["Politika"],"wordCount":419,"articleBody":"Spousta politik\u016f sv\u016fj \u017eivot to\u010d\u00ed pouze kolem pen\u011bz. V sou\u010dasn\u00e9 dob\u011b je ide\u00e1ln\u00edm obrazem takov\u00e9hoto politika brazilsk\u00fd prezident Jair Bolsonaro. Tento politik je zn\u00e1m\u00ed sv\u00fdm postojem, kter\u00fd je mnohon\u00e1sobn\u011b v\u00edce proekonomick\u00fd ne\u017e proekologick\u00fd. Dobr\u00e1 ekonomika st\u00e1tu je d\u016fle\u017eit\u00e1, je t\u0159eba si ale uv\u011bdomit, \u017ee a\u017e zni\u010d\u00edme posledn\u00ed prales, pen\u00edze n\u00e1m nebudou nic platn\u00e9. Nebudeme m\u00edt co d\u00fdchat a kde \u017e\u00edt\u2026&#13; Jai Bolsonaro se k sou\u010dasn\u00e9 situaci v Amazonii, kde ho\u0159\u00ed obrovsk\u00e9 mno\u017estv\u00ed zdej\u0161\u00edho pralesa (kter\u00fd je mimochodem naz\u00fdv\u00e1n pl\u00edcemi sv\u011bta) stav\u00ed naprosto nevhodn\u011b. Informace o t\u00e9to situaci se do sv\u011bta dostaly a\u017e po t\u0159ech t\u00fddnech po\u017e\u00e1r\u016f! Vinu sv\u00e1d\u00ed na neziskov\u00e9 organizace, kter\u00e9 podle jeho slov cht\u011bj\u00ed zv\u00fd\u0161it pozornost k dan\u00e9 situaci a vyd\u011blat na n\u00ed pen\u00edze. Toto vyj\u00e1d\u0159en\u00ed poskytl a\u017e ve chv\u00edli, kdy byl za svoje postoje k ochran\u011b amazonsk\u00e9ho de\u0161tn\u00e9ho pralesa v\u00fdrazn\u011b kritizov\u00e1n.&#13; Politick\u00e1 situace v Braz\u00edlii nen\u00ed jednoduch\u00e1, ale prezident ihned po jeho zvolen\u00ed do funkce p\u0159edal moc nad osudem tam\u011bj\u0161\u00edch prales\u016f do rukou ministerstva zem\u011bd\u011blstv\u00ed. Toto ministerstvo v\u0161ak r\u00e1do p\u0159ikyvuje brazilsk\u00fdm zem\u011bd\u011blsk\u00fdm spole\u010dnostem, pro kter\u00e9 je jedin\u00fdm c\u00edlem k\u00e1cet a vypalovat. Situace je o dost d\u011bsiv\u011bj\u0161\u00ed i kv\u016fli tomu, \u017ee v Amazonii \u017eije velk\u00e9 mno\u017estv\u00ed domorod\u00fdch kmen\u016f. Po\u017e\u00e1ry je vyh\u00e1n\u011bj\u00ed z jejich obydl\u00ed a tak\u00e9 je zab\u00edj\u00ed. Jde o kmeny, kter\u00e9 ne\u017eij\u00ed v souladu s civilizac\u00ed a tak je pro n\u011b ztr\u00e1ta tohoto domova opravdu ni\u010div\u00e1.&#13; D\u00edky dlouhodob\u00e9mu suchu doch\u00e1z\u00ed ke katastrof\u00e1ln\u00edm po\u017e\u00e1r\u016fm po cel\u00e9m sv\u011bt\u011b. Lesy mnohem rychleji ho\u0159\u00ed, a proto jsou \u0161kody mnohem ni\u010div\u011bj\u0161\u00ed. Podobn\u00e1 situace jako v Braz\u00edlii je v sou\u010dasn\u00e9 chv\u00edli i na Sibi\u0159i, kde nejsou rozs\u00e1hl\u00e9 lesn\u00ed po\u017e\u00e1ry ha\u0161eny z d\u016fvodu, \u017ee jde o obrovsk\u00e9 prostory a cena za ha\u0161en\u00ed t\u011bchto les\u016f by byla p\u0159\u00edli\u0161 vysok\u00e1.&#13; Zd\u00e1 se, \u017ee by bylo vhodn\u00e9, aby se politici po cel\u00e9m sv\u011bt\u011b za\u010dali zaj\u00edmat v\u00edce o p\u0159\u00edrodu. Bez n\u00ed nem\u00e1 lidstvo kde \u017e\u00edt a v\u0161echno ostatn\u00ed bude ve chv\u00edli, kdy vymiz\u00ed posledn\u00ed strom a zv\u00ed\u0159e, naprosto zbyte\u010dn\u00e9.                                                                                                                                                                                                                                                                                                                                                                                        4\/5 - (7 votes)        "},{"@context":"https:\/\/schema.org\/","@type":"BreadcrumbList","itemListElement":[{"@type":"ListItem","position":1,"name":"Ho\u0159\u00edc\u00ed Amazonie","item":"https:\/\/www.szpd.cz\/horici-amazonie\/#breadcrumbitem"}]}]