[{"@context":"https:\/\/schema.org\/","@type":"Article","@id":"https:\/\/www.szpd.cz\/deti-jsou-stesti\/#Article","mainEntityOfPage":"https:\/\/www.szpd.cz\/deti-jsou-stesti\/","headline":"D\u011bti jsou \u0161t\u011bst\u00ed","name":"D\u011bti jsou \u0161t\u011bst\u00ed","description":"Co pro v\u00e1s znamen\u00e1 l\u00e1ska? Pro m\u011b l\u00e1ska znamen\u00e1 opravdu mnoho. J\u00e1, i kdy\u017e \u017eiji se se synem pouze sama, tak si mysl\u00edm, \u017ee mate\u0159sk\u00e1 &hellip; ","datePublished":"2022-05-04","dateModified":"2023-05-26","author":{"@type":"Person","@id":"https:\/\/www.szpd.cz\/author\/#Person","name":"","url":"https:\/\/www.szpd.cz\/author\/","identifier":1,"image":{"@type":"ImageObject","@id":"https:\/\/secure.gravatar.com\/avatar\/8e6cbe5510d042e6a0b15162e198f2fd22eed76a4b5a1734d2174c652daccabc?s=96&d=mm&r=g","url":"https:\/\/secure.gravatar.com\/avatar\/8e6cbe5510d042e6a0b15162e198f2fd22eed76a4b5a1734d2174c652daccabc?s=96&d=mm&r=g","height":96,"width":96}},"publisher":{"@type":"Organization","name":"szpd.cz","logo":{"@type":"ImageObject","@id":"\/logo.png","url":"\/logo.png","width":600,"height":60}},"image":{"@type":"ImageObject","@id":"https:\/\/www.szpd.cz\/wp-content\/uploads\/baby-g7f384678c_640_1.jpg","url":"https:\/\/www.szpd.cz\/wp-content\/uploads\/baby-g7f384678c_640_1.jpg","height":0,"width":0},"url":"https:\/\/www.szpd.cz\/deti-jsou-stesti\/","about":["D\u011bti"],"wordCount":452,"articleBody":"Co pro v\u00e1s znamen\u00e1 l\u00e1ska? Pro m\u011b l\u00e1ska znamen\u00e1 opravdu mnoho. J\u00e1, i kdy\u017e \u017eiji se se synem pouze sama, tak si mysl\u00edm, \u017ee mate\u0159sk\u00e1 l\u00e1ska je pro m\u011b opravdu nejd\u016fle\u017eit\u011bj\u0161\u00ed. Ale zase na druhou stranu mus\u00edm \u0159\u00edct, \u017ee n\u011bkdo v\u016fbec nec\u00edt\u00ed b\u00fdt matkou, rodi\u010dem. T\u0159eba moje kamar\u00e1dka, kter\u00e9 je t\u0159icet osm let, tak ta mi v\u017edycky \u0159\u00edk\u00e1, \u017ee by v\u016fbec nikdy necht\u011bla m\u00edt d\u011bti. Kdy\u017e jsem se j\u00ed ptala pro\u010d, tak mi \u0159ekla, \u017ee se na to nec\u00edt\u00ed. Sama mi ale ihned potvrdila, \u017ee d\u011bti m\u00e1 hodn\u011b r\u00e1da, \u017ee je zbo\u017e\u0148uje, ale pouze ciz\u00ed d\u011bti. Svoje vlastn\u00ed d\u011bti by pr\u00fd v\u016fbec necht\u011bla, proto\u017ee by na n\u011b asi nem\u011bla dost \u010dasu. Pr\u00fd v\u016fbec nec\u00edt\u00ed \u017e\u00e1dn\u00fd mate\u0159sk\u00fd cit a ani mate\u0159skou l\u00e1sku.Ale zase na druhou stranu mus\u00edm \u0159\u00edct, \u017ee ta kamar\u00e1dka je opravdu skv\u011bl\u00e1 a moc r\u00e1da hl\u00edd\u00e1 moje dv\u011b d\u011bti. Moje d\u011bti jsou takov\u00e9 divok\u00e9, a tak se docela div\u00edm, \u017ee to kamar\u00e1dce nevad\u00ed. I kdy\u017e ona slibovala, \u017ee j\u00ed to opravdu nevad\u00ed, je r\u00e1da, kdy\u017e m\u016f\u017ee hl\u00eddat d\u011bti. Pr\u00fd si alespo\u0148 chvilku pohraje s d\u011btmi a zjist\u00ed, jak\u00e1 by asi byla m\u00e1ma. A ona mi v\u017edycky \u0159\u00edk\u00e1, \u017ee by byla \u0161patn\u00e1 m\u00e1ma, proto\u017ee nem\u00e1 moc trp\u011blivosti a na n\u011bjak\u00e9 zlobiv\u00e9 d\u011bti by pr\u00fd nem\u011bla nervy. No, d\u00e1v\u00e1m ji opravdu za pravdu, proto\u017ee moje d\u011bti jsou v\u00e1\u017en\u011b divok\u00e9 a m\u011b taky n\u011bkdy dob\u00fdvaj\u00ed s\u00edly, a tak si \u0159\u00edk\u00e1m, \u017ee opravdu z\u00e1le\u017e\u00ed na ka\u017ed\u00e9m, kdo jakou m\u00e1 mate\u0159skou l\u00e1sku, proto\u017ee n\u011bkdo ji t\u0159eba nem\u00e1 v\u016fbec.A opravdu se nejde na n\u011bkoho za tohle zlobit. Pokud n\u011bkdo d\u011bti chce, tak je m\u00e1 a kdy\u017e je n\u011bkdo nechce, tak je nem\u00e1\u00a0te\u010dka. To je opravdu logick\u00e9. A vy jste r\u00e1di\u00a0rodi\u010di? Abych se p\u0159iznala, tak j\u00e1 jsem ze za\u010d\u00e1tku taky moc d\u011bti necht\u011bla, ale kdy\u017e jsem st\u00e1rla, tak jsem si \u0159ekla, \u017ee je asi \u010das m\u00edt d\u011bti. Nev\u00edm,\u00a0jak ses\u00a0to stalo,\u00a0ale\u00a0n\u011bjak na m\u011b dopadla mate\u0159sk\u00e1 l\u00e1ska a nyn\u00ed jsem r\u00e1da, \u017ee jsme to ud\u011blala a m\u00e1m kr\u00e1sn\u00e9 d\u011bti. Mysl\u00edm si, \u017ee s d\u011btmi je \u017eivot o dost kr\u00e1sn\u011bj\u0161\u00ed, a hlavn\u011b taky v\u00edce veselej\u0161\u00ed.\u00a0                                                                                                                                                                                                                                                                                                                                                                                        3.9\/5 - (7 votes)        "},{"@context":"https:\/\/schema.org\/","@type":"BreadcrumbList","itemListElement":[{"@type":"ListItem","position":1,"name":"D\u011bti jsou \u0161t\u011bst\u00ed","item":"https:\/\/www.szpd.cz\/deti-jsou-stesti\/#breadcrumbitem"}]}]